{"id":27648,"date":"2021-06-01T00:00:00","date_gmt":"2021-06-01T00:00:00","guid":{"rendered":"http:\/\/thewindowseat.kinsta.cloud\/unkategorisiert\/valencia"},"modified":"2022-07-15T14:40:03","modified_gmt":"2022-07-15T14:40:03","slug":"valencia","status":"publish","type":"post","link":"https:\/\/thewindowseat.kinsta.cloud\/de\/laender\/spanien\/valencia\/","title":{"rendered":"Valencia: Sehensw\u00fcrdigkeiten und vieles mehr"},"content":{"rendered":"\n<p>Obwohl <a href=\"https:\/\/de.omio.com\/reisen\/valencia?utm_source=omio-magazine&amp;utm_medium=magazine&amp;utm_campaign=city_guides&amp;utm_content=CG_Valencia\">Valencia<\/a> oft zugunsten gr\u00f6\u00dferer und bekannterer St\u00e4dte wie Madrid und Barcelona \u00fcbersehen wird, hat sich dies in gewisser Weise zu ihrem Vorteil ausgewirkt. In den letzten zwei Jahrzehnten hat sich diese charmante Hafenstadt an der S\u00fcdostk\u00fcste Spaniens zu einem kulturellen Hotspot entwickelt, der sich gleichzeitig eine unwiderstehliche lokale, entspannte Atmosph\u00e4re bewahrt hat. Das macht sie perfekt f\u00fcr einen St\u00e4dtereisenden.<\/p>\n\n\n\n<p>Die mit Kopfstein gepflasterten Stra\u00dfen der Altstadt, die von Stadtmauern aus der R\u00f6merzeit umgeben ist, geben einen eindrucksvollen Einblick in die reiche Vergangenheit Valencias. Hier findest du eines der besten Kunstmuseen des Landes. Bestaune den futuristischen Komplex Ciutat de les Arts i les Ci\u00e8ncies (in deutsch die Stadt der K\u00fcnste und Wissenschaften), der Europas gr\u00f6\u00dftes Aquarium sowie ein Wissenschaftsmuseum und ein Opernhaus beherbergt, und schlendere durch die malerischen Gassen des alten Fischerviertels. Valencia r\u00fchmt sich mit 300 Sonnentagen im Jahr, mit sehr wenig Regen und milden Wintern, was es zum ultimativen Ganzjahresziel macht.<\/p>\n\n\n<div id=\"search-widget-overlay\" class=\"search-widget-overlay\">\r\n  <div class=\"search-widget-overlay__form\" data-search-widget-container>\r\n    <div class=\"search-widget-overlay__details\">\r\n      <button class=\"search-widget-overlay__close\" data-search-widget-close>\r\n        \u2715\r\n      <\/button>\r\n      <div class=\"search-widget-overlay__text\">\r\n        Valencia      <\/div>\r\n    <\/div>\r\n\r\n  <\/div>\r\n<\/div>\r\n\r\n<div class=\"search-widget-cta\">\r\n  <button class=\"search-widget-cta__button\" data-search-widget-cta>\r\n    Tickets nach Valencia  <\/button>\r\n<\/div>\n\n\n<figure class=\"wp-block-image size-full\"><img decoding=\"async\" src=\"https:\/\/thewindowseat.kinsta.cloud\/wp-content\/uploads\/2022\/04\/valencia2.png\" alt=\"\" class=\"wp-image-2431\"\/><figcaption>Valencia bietet atemberaubende Panoramen zum Genie\u00dfen. Credit: Shutterstock&nbsp;<\/figcaption><\/figure>\n\n\n\n<h2 class=\"wp-block-heading\"><strong>Essen: Valencia<\/strong><\/h2>\n\n\n\n<p>Paella zu probieren ist ein H\u00f6hepunkt jeder Reise nach Valencia. Dieses typisch spanische Gericht hat seinen Ursprung in den Reisfeldern rund um die Stadt, so dass es auf fast jeder Speisekarte zu finden ist \u2013 obwohl die Einheimischen dir schnell sagen werden, dass eine authentische Paella niemals Huhn und Meeresfr\u00fcchte kombiniert.<\/p>\n\n\n\n<p>Probiere stattdessen die Paella valenciana, die aus Kaninchen, Huhn und einheimischen Bohnen (Schnecken sind optional) oder Paella de mariscos, normalerweise mit Garnelen, Muscheln, und Tintenfisch zubereitet wird. Die Tradition schreibt vor, dass die Paella direkt am Meer und immer zur Mittagszeit gegessen wird, also schlie\u00dfe dich den Einheimischen in den Restaurants am Strand von Malvarrosa an und iss mit ihnen. La Pepica war ein Lieblingsgericht von Ernest Hemingway \u2013 die Legende besagt, dass er in der K\u00fcche seine eigene Sangria mischte \u2013 und die erste vegetarische Paella, Paella de verdures, wurde hier f\u00fcr die spanische K\u00f6nigin Sof\u00eda erfunden.<\/p>\n\n\n\n<p>Eine weitere, in Valencia einzigartige Spezialit\u00e4t ist die Horchata, ein s\u00fc\u00dfes und cremiges Getr\u00e4nk aus Erdmandeln, das gew\u00f6hnlich von Fartons, das hei\u00dft von fingerf\u00f6rmigen, mit Zucker best\u00e4ubtem Geb\u00e4ck, begleitet wird. Probiere es in der Horchater\u00eda Santa Catalina, einer herrlich traditionell gekachelten Horchater\u00eda in der N\u00e4he des zentralen Marktes. Alternativ kannst du hier auch hei\u00dfe Schokolade und Churros bekommen.<\/p>\n\n\n\n<p>Der zentrale Markt selbst ist auf jeden Fall einen Besuch wert. Er befindet sich in einem modernen Geb\u00e4ude, das mit Glasfenstern, dekorativen Fliesen und Eisens\u00e4ulen geschm\u00fcckt ist. Hier machen die Einheimischen ihre Eink\u00e4ufe und es ist ein gro\u00dfartiger Ort, um sich mit Picknick-Vorr\u00e4ten einzudecken. Es gibt nur einen Ort, wo man drinnen essen kann, und wenn man es schafft, sich einen Hocker zu schnappen, wird man sich freuen. Die Central Bar ist eines von vier Restaurants, die vom Sternekoch Ricard Camarena gef\u00fchrt werden (es hat sogar zwei Michelin-Sterne). Hier serviert man Tapas und Gourmet-Sandwiches mit den frischesten Zutaten vom Markt.<\/p>\n\n\n\n<p>Dann gibt es nat\u00fcrlich noch die Tapas. Die engen, verwinkelten Gassen von El Cabanyal, dem alten Fischerviertel neben dem Hafen, sind ges\u00e4umt von bunten H\u00e4usern mit original Jugendstil-Fliesen und Tapas-Bars im alten Stil. Das Casa Monta\u00f1a ist eines der \u00e4ltesten Restaurants der Stadt und eines der besten \u2013 reserviere deinen Tisch unbedingt im Voraus. Gehe danach zum Strand, um einen Spaziergang oder eine Siesta zu machen.<\/p>\n\n\n\n<p>Das b\u00f6hmische Viertel Ruzafa \u2013 ein Arbeiterviertel, das sich in den letzten Jahren stark entwickelt hat \u2013 ist der beste Ort, um vegetarisches und veganes Essen zu finden, das in Valencia immer noch eine Seltenheit ist. Die Speisekarte des anspruchsvollen Restaurante Copenhagen ist sehr hochwertig und umfasst Desserts, Kaffee und handgemachtes Brot.<\/p>\n\n\n\n<figure class=\"wp-block-gallery has-nested-images columns-default is-cropped wp-block-gallery-1 is-layout-flex wp-block-gallery-is-layout-flex\">\n<figure class=\"wp-block-image size-large\"><img decoding=\"async\" data-id=\"2422\" src=\"https:\/\/thewindowseat.kinsta.cloud\/wp-content\/uploads\/2022\/04\/valencia3_l.png\" alt=\"\" class=\"wp-image-2422\"\/><figcaption>In der Central Bar werden leckere Tapas serviert. Credit: Central Bar<\/figcaption><\/figure>\n\n\n\n<figure class=\"wp-block-image size-large\"><img decoding=\"async\" data-id=\"2416\" src=\"https:\/\/thewindowseat.kinsta.cloud\/wp-content\/uploads\/2022\/04\/valencia4_r.png\" alt=\"\" class=\"wp-image-2416\"\/><figcaption>Vergesse nicht, die Patatas Bravas zu probieren. Credit Central Bar<\/figcaption><\/figure>\n<\/figure>\n\n\n\n<h2 class=\"wp-block-heading\"><strong>Sehensw\u00fcrdigkeiten: Valencia<\/strong><\/h2>\n\n\n\n<p>Die Altstadt von Valencia l\u00e4sst sich am besten zu Fu\u00df erkunden. Die Kathedrale von Valencia soll die letzte Ruhest\u00e4tte des Heiligen Grals sein \u2013 des Kelchs, den Christus beim letzten Abendmahl benutzt hat \u2013 und ist ein reiche Mischung aus Gotik, Renaissance und Barock. Es lohnt sich, alle 207 Stufen des Miguelete-Turms, der zur Zeit der Mauren ein Minarett war, zu erklimmen, um einen Panoramablick \u00fcber die Stadt zu erhalten.<\/p>\n\n\n\n<p>Der Marqu\u00e9s de dos Aguas-Palast ist ein markantes Beispiel barocker Architektur, und w\u00e4hrend die Alabaster-Schnitzereien, die den Haupteingang flankieren, sicherlich ein Blickfang sind, sind die Innenr\u00e4ume ebenso extravagant, mit pr\u00e4chtigen bemalten Decken, Kronleuchtern und verzierten M\u00f6beln; im Erdgeschoss gibt es sogar eine Sammlung antiker Kutschen. Das Keramikmuseum im Obergeschoss zeigt Porzellanteller und bemalte Fliesen aus Valencia und der ganzen Welt \u2013 und halte Ausschau nach einigen Werken von Picasso.<\/p>\n\n\n\n<p>Das Museum der Sch\u00f6nen K\u00fcnste umfasst Gem\u00e4lde von Goya, El Greco und Vel\u00e1zquez, und das Ivam (Institut Valenci\u00e0 d&#8217;Art Modern) ist ein wichtiges Zentrum f\u00fcr moderne und zeitgen\u00f6ssische Kunst in Spanien und Europa. Letzteres befindet sich in einem Kloster aus dem 13. Jahrhundert, das auf den Turia-Garten zur\u00fcckgeht, einen Stadtpark, der entlang des Ufers eines Flusses angelegt wurde, der einst durch die Stadt floss, aber 1957 nach katastrophalen \u00dcberschwemmungen umgeleitet wurde.<\/p>\n\n\n\n<p>Am westlichen Ende von Turia befindet sich der Valencia Bioparc, ein Zoo der neuen Generation, der die Besucher in den nat\u00fcrlichen Lebensraum der Tiere eintauchen l\u00e4sst, anstatt K\u00e4fige und Gehege zu verwenden. Im Osten liegt die ikonische Stadt der K\u00fcnste und Wissenschaften, die ein Opernhaus, ein IMAX-Theater, ein Wissenschaftsmuseum und ein Planetarium sowie das L&#8217;Oceanogr\u00e0fic, das gr\u00f6\u00dfte Aquarium Europas, umfasst.<\/p>\n\n\n\n<p>Brauchst du eine Auszeit, um dich zu entspannen? Der dem Stadtzentrum am n\u00e4chsten gelegene Strand, Las Arenas, beginnt am Yachthafen und geht im Norden in den Strand von Malvarrosa \u00fcber. Er ist vom Stadtzentrum aus mit dem Bus oder Taxi erreichbar. Die von Palmen ges\u00e4umte Promenade ist mit Bars, Restaurants und Open-Air-Nachtclubs ges\u00e4umt, die im Sommer die ganze Nacht \u00fcber ge\u00f6ffnet sind.<\/p>\n\n\n\n<p>Wenn du deine Str\u00e4nde etwas k\u00fchler bevorzugst, ist der El Saler Strand, weiter s\u00fcdlich von Valencia im Albufera-Nationalpark, herrlich unber\u00fchrt und durch Sandd\u00fcnen und Pinienb\u00e4ume vor dem Wind gesch\u00fctzt. Vom Stadtzentrum aus kannst du einen Bus nehmen. Die Fahrt dauert etwa 45 Minuten.<\/p>\n\n\n\n<figure class=\"wp-block-gallery has-nested-images columns-default is-cropped wp-block-gallery-2 is-layout-flex wp-block-gallery-is-layout-flex\">\n<figure class=\"wp-block-image size-large\"><img decoding=\"async\" data-id=\"2410\" src=\"https:\/\/thewindowseat.kinsta.cloud\/wp-content\/uploads\/2022\/04\/valencia5_tl.png\" alt=\"\" class=\"wp-image-2410\"\/><figcaption>Der Strand von Malvarrosa ist perfekt f\u00fcr eine Pause in der emsigen Stadt. Credit: Shutterstock<\/figcaption><\/figure>\n\n\n\n<figure class=\"wp-block-image size-large\"><img decoding=\"async\" data-id=\"2404\" src=\"https:\/\/thewindowseat.kinsta.cloud\/wp-content\/uploads\/2022\/04\/Valencia6_tr.png\" alt=\"\" class=\"wp-image-2404\"\/><figcaption>Es gibt viele idyllische Str\u00e4nde unweit der Stadt, packe also die Badehose ein! Credit: Shutterstock<\/figcaption><\/figure>\n<\/figure>\n\n\n\n<figure class=\"wp-block-gallery has-nested-images columns-default is-cropped wp-block-gallery-3 is-layout-flex wp-block-gallery-is-layout-flex\">\n<figure class=\"wp-block-image size-large\"><img decoding=\"async\" data-id=\"2398\" src=\"https:\/\/thewindowseat.kinsta.cloud\/wp-content\/uploads\/2022\/04\/Valencia7_bl.png\" alt=\"\" class=\"wp-image-2398\"\/><figcaption>Die Kathedrale von Valencia sollte auf deiner To-Do-Liste stehen. Credit: Shutterstock<\/figcaption><\/figure>\n\n\n\n<figure class=\"wp-block-image size-large\"><img decoding=\"async\" data-id=\"2392\" src=\"https:\/\/thewindowseat.kinsta.cloud\/wp-content\/uploads\/2022\/04\/Valencia8_br.png\" alt=\"\" class=\"wp-image-2392\"\/><figcaption>In den Turia G\u00e4rten kannst du Energie tanken. Credit: Shutterstock<\/figcaption><\/figure>\n<\/figure>\n\n\n\n<h2 class=\"wp-block-heading\"><strong>Unterkunft: Valencia<\/strong><\/h2>\n\n\n\n<h3 class=\"wp-block-heading\">Hotel One Shot Col\u00f3n 46<\/h3>\n\n\n\n<p>Es ist leicht, ein preiswertes und stilvolles Hotel in den meisten Preiskategorien in Valencia zu finden. Das moderne <a href=\"http:\/\/sp.booking.com\/hotel\/es\/one-shot-colon-46.fr.html?aid=1500264&amp;label=goeu_DE_Berlin_ES_Valencia_ow_1_0_1_id0_mag_com_fr_EUR_Other_x_other_210601_376217_378849(opens in a new tab)\" target=\"_blank\" rel=\"noreferrer noopener\">Hotel One Shot Col\u00f3n 46<\/a> hat eine fabelhafte Lage an einer der Haupteinkaufsstra\u00dfen der Stadt, der Calle Col\u00f3n, und wenn du vom Flughafen kommst, halten die Z\u00fcge an der U-Bahn-Station Col\u00f3n auf der gegen\u00fcberliegenden Stra\u00dfenseite. Das Hotel stellt sich selbst als Kunsthotel dar, und tats\u00e4chlich sind die Korridore mit Werken lokaler K\u00fcnstler ges\u00e4umt. Die Zimmer sind klein, aber fein, und die Zimmer im obersten Stockwerk haben Balkone mit Blick auf die Stra\u00dfe. Ein Fr\u00fchst\u00fccksbuffet kostet extra, ist aber preiswert und beinhaltet frisches Obst, Geb\u00e4ck, K\u00e4se, Schinken und Eier.<\/p>\n\n\n\n<figure class=\"wp-block-gallery columns-2 is-cropped wp-block-gallery-4 is-layout-flex wp-block-gallery-is-layout-flex\"><ul class=\"blocks-gallery-grid\"><li class=\"blocks-gallery-item\"><figure><img decoding=\"async\" src=\"https:\/\/thewindowseat.kinsta.cloud\/wp-content\/uploads\/2022\/04\/Valencia9_l.png\" alt=\"\" data-id=\"2386\" data-full-url=\"https:\/\/thewindowseat.kinsta.cloud\/wp-content\/uploads\/2022\/04\/Valencia9_l.png\" data-link=\"https:\/\/thewindowseat.kinsta.cloud\/valencia9_l\/\" class=\"wp-image-2386\"\/><figcaption class=\"blocks-gallery-item__caption\">Hotel One Shot Col\u00f3n 46 ist etwas f\u00fcr Shopaholics, da es ganz in der N\u00e4he der Einkaufsmeile liegt. Credit: Hotel One Shot Col\u00f3n 46<\/figcaption><\/figure><\/li><li class=\"blocks-gallery-item\"><figure><img decoding=\"async\" src=\"https:\/\/thewindowseat.kinsta.cloud\/wp-content\/uploads\/2022\/04\/Valencia10_r.png\" alt=\"\" data-id=\"2380\" data-full-url=\"https:\/\/thewindowseat.kinsta.cloud\/wp-content\/uploads\/2022\/04\/Valencia10_r.png\" data-link=\"https:\/\/thewindowseat.kinsta.cloud\/valencia10_r\/\" class=\"wp-image-2383\"\/><figcaption class=\"blocks-gallery-item__caption\">Hier kannst du nach einem langen Tag entspannt die Beine hochlegen. Credit: Hotel One Shot Col\u00f3n 46<\/figcaption><\/figure><\/li><\/ul><\/figure>\n\n\n<div id=\"search-widget-overlay\" class=\"search-widget-overlay\">\r\n  <div class=\"search-widget-overlay__form\" data-search-widget-container>\r\n    <div class=\"search-widget-overlay__details\">\r\n      <button class=\"search-widget-overlay__close\" data-search-widget-close>\r\n        \u2715\r\n      <\/button>\r\n      <div class=\"search-widget-overlay__text\">\r\n        Valencia      <\/div>\r\n    <\/div>\r\n\r\n  <\/div>\r\n<\/div>\r\n\r\n<div class=\"search-widget-cta\">\r\n  <button class=\"search-widget-cta__button\" data-search-widget-cta>\r\n    Tickets nach Valencia  <\/button>\r\n<\/div>\n\n\n<h3 class=\"wp-block-heading\">Hostal Antigua Morellana<\/h3>\n\n\n\n<p>Ein weiteres Juwel der Altstadt ist das <a href=\"http:\/\/sp.booking.com\/hotel\/es\/hostal-antigua-morellana.fr.html?aid=1500264&amp;label=goeu_DE_Berlin_ES_Valencia_ow_1_0_1_id0_mag_com_fr_EUR_Other_x_other_210601_376217_378849(opens in a new tab)\" target=\"_blank\" rel=\"noreferrer noopener\">Hostal Antigua Morellana<\/a>. Das von vier Schwestern gef\u00fchrte Hotel ist in einem Stadthaus aus dem 18. Jahrhundert untergebracht, das eine warme, wohnliche Atmosph\u00e4re vermittelt; die Zimmer sind mit stylischen M\u00f6beln, h\u00fcbschen Blumenbetten und raumhohen Fenstern ausgestattet. Es gibt kein Fr\u00fchst\u00fcck, aber in den umliegenden Stra\u00dfen findest du zahlreiche Caf\u00e9s.<\/p>\n\n\n\n<figure class=\"wp-block-gallery has-nested-images columns-default is-cropped wp-block-gallery-5 is-layout-flex wp-block-gallery-is-layout-flex\">\n<figure class=\"wp-block-image size-large\"><img decoding=\"async\" data-id=\"2374\" src=\"https:\/\/thewindowseat.kinsta.cloud\/wp-content\/uploads\/2022\/04\/Valencia11_l.png\" alt=\"\" class=\"wp-image-2374\"\/><figcaption>Hostal Antigua Morellana ist perfekte f\u00fcr alle, die in der Altstadt wohnen wollen. Credit: Hostal Antigua Morellana<\/figcaption><\/figure>\n\n\n\n<figure class=\"wp-block-image size-large\"><img decoding=\"async\" data-id=\"2368\" src=\"https:\/\/thewindowseat.kinsta.cloud\/wp-content\/uploads\/2022\/04\/Valencia12_r.png\" alt=\"\" class=\"wp-image-2368\"\/><figcaption>Die Zimmer verspr\u00fchen traditionellen Charme. Credit: Hostal Antigua Morellana<\/figcaption><\/figure>\n<\/figure>\n","protected":false},"excerpt":{"rendered":"<p>Diese dynamische spanische Hafenstadt verbindet Tradition und Moderne, ohne sich je zu touristisch anzuf\u00fchlen.<\/p>\n","protected":false},"author":22,"featured_media":1994,"comment_status":"open","ping_status":"open","sticky":false,"template":"","format":"standard","meta":{"_acf_changed":false,"inline_featured_image":false,"footnotes":""},"categories":[795],"tags":[],"position_ids":[],"class_list":["post-27648","post","type-post","status-publish","format-standard","has-post-thumbnail","hentry","category-spanien","entry"],"acf":[],"yoast_head":"<!-- This site is optimized with the Yoast SEO plugin v24.9 - https:\/\/yoast.com\/wordpress\/plugins\/seo\/ -->\n<title>Valencia: Sehensw\u00fcrdigkeiten &amp; mehr | The Window Seat by Omio<\/title>\n<meta name=\"description\" content=\"Urlaub in Spanien, Valencia: Sehensw\u00fcrdigkeiten, Essen &amp; Unterkunft | Ciudad de las Artes, Albufera, Las Arenas &amp; mehr | mit Tipps von Einheimischen\" \/>\n<meta name=\"robots\" content=\"index, follow, max-snippet:-1, max-image-preview:large, max-video-preview:-1\" \/>\n<link rel=\"canonical\" href=\"https:\/\/thewindowseat.kinsta.cloud\/de\/laender\/spanien\/valencia\/\" \/>\n<meta property=\"og:locale\" content=\"de_DE\" \/>\n<meta property=\"og:type\" content=\"article\" \/>\n<meta property=\"og:title\" content=\"Valencia: Sehensw\u00fcrdigkeiten &amp; mehr | The Window Seat by Omio\" \/>\n<meta property=\"og:description\" content=\"Urlaub in Spanien, Valencia: Sehensw\u00fcrdigkeiten, Essen &amp; Unterkunft | Ciudad de las Artes, Albufera, Las Arenas &amp; mehr | mit Tipps von Einheimischen\" \/>\n<meta property=\"og:url\" content=\"https:\/\/thewindowseat.kinsta.cloud\/de\/laender\/spanien\/valencia\/\" \/>\n<meta property=\"og:site_name\" content=\"The Window Seat\" \/>\n<meta property=\"article:published_time\" content=\"2021-06-01T00:00:00+00:00\" \/>\n<meta property=\"article:modified_time\" content=\"2022-07-15T14:40:03+00:00\" \/>\n<meta property=\"og:image\" content=\"https:\/\/thewindowseat.kinsta.cloud\/wp-content\/uploads\/2022\/04\/featured-valencia1-1024x683.png\" \/>\n\t<meta property=\"og:image:width\" content=\"1024\" \/>\n\t<meta property=\"og:image:height\" content=\"683\" \/>\n\t<meta property=\"og:image:type\" content=\"image\/png\" \/>\n<meta name=\"author\" content=\"Brandon Hartley\" \/>\n<meta name=\"twitter:card\" content=\"summary_large_image\" \/>\n<meta name=\"twitter:label1\" content=\"Verfasst von\" \/>\n\t<meta name=\"twitter:data1\" content=\"Brandon Hartley\" \/>\n\t<meta name=\"twitter:label2\" content=\"Gesch\u00e4tzte Lesezeit\" \/>\n\t<meta name=\"twitter:data2\" content=\"8\u00a0Minuten\" \/>\n<script type=\"application\/ld+json\" class=\"yoast-schema-graph\">{\"@context\":\"https:\/\/schema.org\",\"@graph\":[{\"@type\":\"WebPage\",\"@id\":\"https:\/\/thewindowseat.kinsta.cloud\/de\/laender\/spanien\/valencia\/\",\"url\":\"https:\/\/thewindowseat.kinsta.cloud\/de\/laender\/spanien\/valencia\/\",\"name\":\"Valencia: Sehensw\u00fcrdigkeiten & mehr | The Window Seat by Omio\",\"isPartOf\":{\"@id\":\"https:\/\/thewindowseat.kinsta.cloud\/de\/#website\"},\"primaryImageOfPage\":{\"@id\":\"https:\/\/thewindowseat.kinsta.cloud\/de\/laender\/spanien\/valencia\/#primaryimage\"},\"image\":{\"@id\":\"https:\/\/thewindowseat.kinsta.cloud\/de\/laender\/spanien\/valencia\/#primaryimage\"},\"thumbnailUrl\":\"https:\/\/thewindowseat.kinsta.cloud\/wp-content\/uploads\/2022\/04\/featured-valencia1.png\",\"datePublished\":\"2021-06-01T00:00:00+00:00\",\"dateModified\":\"2022-07-15T14:40:03+00:00\",\"author\":{\"@id\":\"https:\/\/thewindowseat.kinsta.cloud\/de\/#\/schema\/person\/9886d6446aec0c9bc9a243f0c74bcf9d\"},\"description\":\"Urlaub in Spanien, Valencia: Sehensw\u00fcrdigkeiten, Essen & Unterkunft | Ciudad de las Artes, Albufera, Las Arenas & mehr | mit Tipps von Einheimischen\",\"breadcrumb\":{\"@id\":\"https:\/\/thewindowseat.kinsta.cloud\/de\/laender\/spanien\/valencia\/#breadcrumb\"},\"inLanguage\":\"de\",\"potentialAction\":[{\"@type\":\"ReadAction\",\"target\":[\"https:\/\/thewindowseat.kinsta.cloud\/de\/laender\/spanien\/valencia\/\"]}]},{\"@type\":\"ImageObject\",\"inLanguage\":\"de\",\"@id\":\"https:\/\/thewindowseat.kinsta.cloud\/de\/laender\/spanien\/valencia\/#primaryimage\",\"url\":\"https:\/\/thewindowseat.kinsta.cloud\/wp-content\/uploads\/2022\/04\/featured-valencia1.png\",\"contentUrl\":\"https:\/\/thewindowseat.kinsta.cloud\/wp-content\/uploads\/2022\/04\/featured-valencia1.png\",\"width\":4921,\"height\":3281,\"caption\":\"Der Komplex der Stadt der K\u00fcnste und Wissenschaften ist das moderne Symbol Valencias und einer der 12 Sch\u00e4tze Spaniens. Credit: Zebbache Djoubair\/Unsplash\"},{\"@type\":\"BreadcrumbList\",\"@id\":\"https:\/\/thewindowseat.kinsta.cloud\/de\/laender\/spanien\/valencia\/#breadcrumb\",\"itemListElement\":[{\"@type\":\"ListItem\",\"position\":1,\"name\":\"The Window Seat\",\"item\":\"https:\/\/thewindowseat.kinsta.cloud\/de\/\"},{\"@type\":\"ListItem\",\"position\":2,\"name\":\"L\u00e4nder\",\"item\":\"https:\/\/thewindowseat.kinsta.cloud\/de\/laender\/\"},{\"@type\":\"ListItem\",\"position\":3,\"name\":\"Spanien\",\"item\":\"https:\/\/thewindowseat.kinsta.cloud\/de\/laender\/spanien\/\"},{\"@type\":\"ListItem\",\"position\":4,\"name\":\"Valencia: Sehensw\u00fcrdigkeiten und vieles mehr\"}]},{\"@type\":\"WebSite\",\"@id\":\"https:\/\/thewindowseat.kinsta.cloud\/de\/#website\",\"url\":\"https:\/\/thewindowseat.kinsta.cloud\/de\/\",\"name\":\"The Window Seat\",\"description\":\"\",\"potentialAction\":[{\"@type\":\"SearchAction\",\"target\":{\"@type\":\"EntryPoint\",\"urlTemplate\":\"https:\/\/thewindowseat.kinsta.cloud\/de\/?s={search_term_string}\"},\"query-input\":{\"@type\":\"PropertyValueSpecification\",\"valueRequired\":true,\"valueName\":\"search_term_string\"}}],\"inLanguage\":\"de\"},{\"@type\":\"Person\",\"@id\":\"https:\/\/thewindowseat.kinsta.cloud\/de\/#\/schema\/person\/9886d6446aec0c9bc9a243f0c74bcf9d\",\"name\":\"Brandon Hartley\",\"image\":{\"@type\":\"ImageObject\",\"inLanguage\":\"de\",\"@id\":\"https:\/\/thewindowseat.kinsta.cloud\/de\/#\/schema\/person\/image\/\",\"url\":\"https:\/\/secure.gravatar.com\/avatar\/19749f8ec24af272ed7a4d005a7df5536886e8ff3b4c9fd3c2ccb9d9ee0703e3?s=96&d=mm&r=g\",\"contentUrl\":\"https:\/\/secure.gravatar.com\/avatar\/19749f8ec24af272ed7a4d005a7df5536886e8ff3b4c9fd3c2ccb9d9ee0703e3?s=96&d=mm&r=g\",\"caption\":\"Brandon Hartley\"}}]}<\/script>\n<!-- \/ Yoast SEO plugin. -->","yoast_head_json":{"title":"Valencia: Sehensw\u00fcrdigkeiten & mehr | The Window Seat by Omio","description":"Urlaub in Spanien, Valencia: Sehensw\u00fcrdigkeiten, Essen & Unterkunft | Ciudad de las Artes, Albufera, Las Arenas & mehr | mit Tipps von Einheimischen","robots":{"index":"index","follow":"follow","max-snippet":"max-snippet:-1","max-image-preview":"max-image-preview:large","max-video-preview":"max-video-preview:-1"},"canonical":"https:\/\/thewindowseat.kinsta.cloud\/de\/laender\/spanien\/valencia\/","og_locale":"de_DE","og_type":"article","og_title":"Valencia: Sehensw\u00fcrdigkeiten & mehr | The Window Seat by Omio","og_description":"Urlaub in Spanien, Valencia: Sehensw\u00fcrdigkeiten, Essen & Unterkunft | Ciudad de las Artes, Albufera, Las Arenas & mehr | mit Tipps von Einheimischen","og_url":"https:\/\/thewindowseat.kinsta.cloud\/de\/laender\/spanien\/valencia\/","og_site_name":"The Window Seat","article_published_time":"2021-06-01T00:00:00+00:00","article_modified_time":"2022-07-15T14:40:03+00:00","og_image":[{"width":1024,"height":683,"url":"https:\/\/thewindowseat.kinsta.cloud\/wp-content\/uploads\/2022\/04\/featured-valencia1-1024x683.png","type":"image\/png"}],"author":"Brandon Hartley","twitter_card":"summary_large_image","twitter_misc":{"Verfasst von":"Brandon Hartley","Gesch\u00e4tzte Lesezeit":"8\u00a0Minuten"},"schema":{"@context":"https:\/\/schema.org","@graph":[{"@type":"WebPage","@id":"https:\/\/thewindowseat.kinsta.cloud\/de\/laender\/spanien\/valencia\/","url":"https:\/\/thewindowseat.kinsta.cloud\/de\/laender\/spanien\/valencia\/","name":"Valencia: Sehensw\u00fcrdigkeiten & mehr | The Window Seat by Omio","isPartOf":{"@id":"https:\/\/thewindowseat.kinsta.cloud\/de\/#website"},"primaryImageOfPage":{"@id":"https:\/\/thewindowseat.kinsta.cloud\/de\/laender\/spanien\/valencia\/#primaryimage"},"image":{"@id":"https:\/\/thewindowseat.kinsta.cloud\/de\/laender\/spanien\/valencia\/#primaryimage"},"thumbnailUrl":"https:\/\/thewindowseat.kinsta.cloud\/wp-content\/uploads\/2022\/04\/featured-valencia1.png","datePublished":"2021-06-01T00:00:00+00:00","dateModified":"2022-07-15T14:40:03+00:00","author":{"@id":"https:\/\/thewindowseat.kinsta.cloud\/de\/#\/schema\/person\/9886d6446aec0c9bc9a243f0c74bcf9d"},"description":"Urlaub in Spanien, Valencia: Sehensw\u00fcrdigkeiten, Essen & Unterkunft | Ciudad de las Artes, Albufera, Las Arenas & mehr | mit Tipps von Einheimischen","breadcrumb":{"@id":"https:\/\/thewindowseat.kinsta.cloud\/de\/laender\/spanien\/valencia\/#breadcrumb"},"inLanguage":"de","potentialAction":[{"@type":"ReadAction","target":["https:\/\/thewindowseat.kinsta.cloud\/de\/laender\/spanien\/valencia\/"]}]},{"@type":"ImageObject","inLanguage":"de","@id":"https:\/\/thewindowseat.kinsta.cloud\/de\/laender\/spanien\/valencia\/#primaryimage","url":"https:\/\/thewindowseat.kinsta.cloud\/wp-content\/uploads\/2022\/04\/featured-valencia1.png","contentUrl":"https:\/\/thewindowseat.kinsta.cloud\/wp-content\/uploads\/2022\/04\/featured-valencia1.png","width":4921,"height":3281,"caption":"Der Komplex der Stadt der K\u00fcnste und Wissenschaften ist das moderne Symbol Valencias und einer der 12 Sch\u00e4tze Spaniens. Credit: Zebbache Djoubair\/Unsplash"},{"@type":"BreadcrumbList","@id":"https:\/\/thewindowseat.kinsta.cloud\/de\/laender\/spanien\/valencia\/#breadcrumb","itemListElement":[{"@type":"ListItem","position":1,"name":"The Window Seat","item":"https:\/\/thewindowseat.kinsta.cloud\/de\/"},{"@type":"ListItem","position":2,"name":"L\u00e4nder","item":"https:\/\/thewindowseat.kinsta.cloud\/de\/laender\/"},{"@type":"ListItem","position":3,"name":"Spanien","item":"https:\/\/thewindowseat.kinsta.cloud\/de\/laender\/spanien\/"},{"@type":"ListItem","position":4,"name":"Valencia: Sehensw\u00fcrdigkeiten und vieles mehr"}]},{"@type":"WebSite","@id":"https:\/\/thewindowseat.kinsta.cloud\/de\/#website","url":"https:\/\/thewindowseat.kinsta.cloud\/de\/","name":"The Window Seat","description":"","potentialAction":[{"@type":"SearchAction","target":{"@type":"EntryPoint","urlTemplate":"https:\/\/thewindowseat.kinsta.cloud\/de\/?s={search_term_string}"},"query-input":{"@type":"PropertyValueSpecification","valueRequired":true,"valueName":"search_term_string"}}],"inLanguage":"de"},{"@type":"Person","@id":"https:\/\/thewindowseat.kinsta.cloud\/de\/#\/schema\/person\/9886d6446aec0c9bc9a243f0c74bcf9d","name":"Brandon Hartley","image":{"@type":"ImageObject","inLanguage":"de","@id":"https:\/\/thewindowseat.kinsta.cloud\/de\/#\/schema\/person\/image\/","url":"https:\/\/secure.gravatar.com\/avatar\/19749f8ec24af272ed7a4d005a7df5536886e8ff3b4c9fd3c2ccb9d9ee0703e3?s=96&d=mm&r=g","contentUrl":"https:\/\/secure.gravatar.com\/avatar\/19749f8ec24af272ed7a4d005a7df5536886e8ff3b4c9fd3c2ccb9d9ee0703e3?s=96&d=mm&r=g","caption":"Brandon Hartley"}}]}},"_links":{"self":[{"href":"https:\/\/thewindowseat.kinsta.cloud\/de\/wp-json\/wp\/v2\/posts\/27648","targetHints":{"allow":["GET"]}}],"collection":[{"href":"https:\/\/thewindowseat.kinsta.cloud\/de\/wp-json\/wp\/v2\/posts"}],"about":[{"href":"https:\/\/thewindowseat.kinsta.cloud\/de\/wp-json\/wp\/v2\/types\/post"}],"author":[{"embeddable":true,"href":"https:\/\/thewindowseat.kinsta.cloud\/de\/wp-json\/wp\/v2\/users\/22"}],"replies":[{"embeddable":true,"href":"https:\/\/thewindowseat.kinsta.cloud\/de\/wp-json\/wp\/v2\/comments?post=27648"}],"version-history":[{"count":8,"href":"https:\/\/thewindowseat.kinsta.cloud\/de\/wp-json\/wp\/v2\/posts\/27648\/revisions"}],"predecessor-version":[{"id":41110,"href":"https:\/\/thewindowseat.kinsta.cloud\/de\/wp-json\/wp\/v2\/posts\/27648\/revisions\/41110"}],"wp:featuredmedia":[{"embeddable":true,"href":"https:\/\/thewindowseat.kinsta.cloud\/de\/wp-json\/wp\/v2\/media\/1994"}],"wp:attachment":[{"href":"https:\/\/thewindowseat.kinsta.cloud\/de\/wp-json\/wp\/v2\/media?parent=27648"}],"wp:term":[{"taxonomy":"category","embeddable":true,"href":"https:\/\/thewindowseat.kinsta.cloud\/de\/wp-json\/wp\/v2\/categories?post=27648"},{"taxonomy":"post_tag","embeddable":true,"href":"https:\/\/thewindowseat.kinsta.cloud\/de\/wp-json\/wp\/v2\/tags?post=27648"},{"taxonomy":"position_id","embeddable":true,"href":"https:\/\/thewindowseat.kinsta.cloud\/de\/wp-json\/wp\/v2\/position_ids?post=27648"}],"curies":[{"name":"wp","href":"https:\/\/api.w.org\/{rel}","templated":true}]}}